{"id":3407,"date":"2016-05-22T20:06:31","date_gmt":"2016-05-22T20:06:31","guid":{"rendered":"http:\/\/espacocriativo.net\/hallcriativo\/?p=3407"},"modified":"2016-05-22T20:06:31","modified_gmt":"2016-05-22T20:06:31","slug":"o-diario-de-rosenberg-series-the-originals-finalizada","status":"publish","type":"post","link":"https:\/\/espacocriativo.net\/adote\/o-diario-de-rosenberg-series-the-originals-finalizada\/","title":{"rendered":"O Di\u00e1rio de Rosenberg {S\u00e9ries, The Originals, Finalizada}"},"content":{"rendered":"<p><strong><a href=\"http:\/\/espacocriativo.net\/page\/o\/odiarioderosenberg\" target=\"_blank\" rel=\"noopener\">O Di\u00e1rio de Rosenberg<\/a><\/strong> por <a href=\"mailto:helengregorio.meirebarros@gmail.com\">Helen B.<\/a><br \/>\n<strong>Sinopse:<\/strong> Pensar em casa lembra os Salvatore. Pensar nos Salvatore lembra minha inf\u00e2ncia. Pensar na minha inf\u00e2ncia faz lembrar a casa. Lembrar de casa me faz lembrar Nicklaus. Pensar em Nicklaus me lembra vingan\u00e7a.<br \/>\n<strong>G\u00eanero:<\/strong> Fic\u00e7\u00e3o<br \/>\n<strong>Classifica\u00e7\u00e3o:<\/strong> Livre<br \/>\n<strong>S\u00e9rie:<\/strong> The Originals<br \/>\n<strong>Status:<\/strong> Shortfic<br \/>\n<strong>Twitter Autora:<\/strong> <a href=\"http:\/\/twitter.com\/Hels_Helly\" target=\"_blank\" rel=\"noopener\">@Hels_Helly<\/a><\/p>\n<hr>\n<h2>Sobre ado\u00e7\u00e3o<\/h2>\n<p><strong>Ideia N\u00ba:<\/strong> 111<br \/>\n<strong>Doada por:<\/strong> <a href=\"mailto:giulinha_2003@hotmail.com\">Giulia<\/a>.<br \/>\n<strong>Resumo:<\/strong> Pensavam que ela era a garota nova da cidade, mas a conhecia como a palma de sua m\u00e3os.Esteve ali por tanto tempo\u2026 Como p\u00f4de ir embora assim, t\u00e3o f\u00e1cil? Mas ela teve seus motivos, seria melhor se n\u00e3o os visse novamente. A essa altura do campeonato os irm\u00e3os Salvatore j\u00e1 deveriam estar mortos depois de descobrirem que haviam vampiros na cidade. E assim ela n\u00e3o teve medo de colocar os p\u00e9s novamente em Mystic Falls. S\u00f3 queria vingar o nome de sua fam\u00edlia morta por Niklaus e tentar uma vida normal, mesmo sabendo que n\u00e3o a teria\u2026<br \/>\n<strong>Fandom:<\/strong> The Vampire Diaries<br \/>\n<strong>G\u00eanero:<\/strong> Romance, Drama, Suspense, Mist\u00e9rio.<br \/>\n<strong>Contato:<\/strong> <a href=\"mailto:giulinha_2003@hotmail.com\">E-mail<\/a> | <a href=\"http:\/\/twitter.com\/GiuuliaL_\" target=\"_blank\" rel=\"noopener\">Twitter<\/a><br \/>\n<strong>Nota:<\/strong> &#8212;<\/p>\n","protected":false},"excerpt":{"rendered":"<p>O Di\u00e1rio de Rosenberg por Helen B. Sinopse: Pensar em casa lembra os Salvatore. Pensar nos Salvatore lembra minha inf\u00e2ncia. [&hellip;]<\/p>\n","protected":false},"author":2,"featured_media":6692,"comment_status":"open","ping_status":"open","sticky":false,"template":"","format":"standard","meta":{"_acf_changed":false,"footnotes":""},"categories":[2,7],"tags":[],"class_list":["post-3407","post","type-post","status-publish","format-standard","has-post-thumbnail","hentry","category-adote-uma-ideia","category-historias"],"acf":[],"_links":{"self":[{"href":"https:\/\/espacocriativo.net\/adote\/wp-json\/wp\/v2\/posts\/3407","targetHints":{"allow":["GET"]}}],"collection":[{"href":"https:\/\/espacocriativo.net\/adote\/wp-json\/wp\/v2\/posts"}],"about":[{"href":"https:\/\/espacocriativo.net\/adote\/wp-json\/wp\/v2\/types\/post"}],"author":[{"embeddable":true,"href":"https:\/\/espacocriativo.net\/adote\/wp-json\/wp\/v2\/users\/2"}],"replies":[{"embeddable":true,"href":"https:\/\/espacocriativo.net\/adote\/wp-json\/wp\/v2\/comments?post=3407"}],"version-history":[{"count":0,"href":"https:\/\/espacocriativo.net\/adote\/wp-json\/wp\/v2\/posts\/3407\/revisions"}],"wp:featuredmedia":[{"embeddable":true,"href":"https:\/\/espacocriativo.net\/adote\/wp-json\/"}],"wp:attachment":[{"href":"https:\/\/espacocriativo.net\/adote\/wp-json\/wp\/v2\/media?parent=3407"}],"wp:term":[{"taxonomy":"category","embeddable":true,"href":"https:\/\/espacocriativo.net\/adote\/wp-json\/wp\/v2\/categories?post=3407"},{"taxonomy":"post_tag","embeddable":true,"href":"https:\/\/espacocriativo.net\/adote\/wp-json\/wp\/v2\/tags?post=3407"}],"curies":[{"name":"wp","href":"https:\/\/api.w.org\/{rel}","templated":true}]}}